{"id":652,"date":"2024-09-04T12:35:10","date_gmt":"2024-09-04T12:35:10","guid":{"rendered":"https:\/\/kabra-books.de\/?p=652"},"modified":"2024-09-04T12:37:46","modified_gmt":"2024-09-04T12:37:46","slug":"ich-erkenne-eure-autoritaet-nicht-laenger-an-von-glenn-bech","status":"publish","type":"post","link":"https:\/\/kabra-books.de\/ich-erkenne-eure-autoritaet-nicht-laenger-an-von-glenn-bech\/","title":{"rendered":"Ich erkenne eure Autorit\u00e4t nicht l\u00e4nger an von Glenn Bech"},"content":{"rendered":"<div class=\"wp-block-image\">\n<figure class=\"aligncenter size-full\"><a href=\"https:\/\/www.kroener-verlag.de\/books\/ich-erkenne-eure-autorit%C3%A4t-nicht-l%C3%A4nger-an.html\" target=\"_blank\" rel=\"noreferrer noopener\"><img loading=\"lazy\" decoding=\"async\" width=\"674\" height=\"898\" src=\"https:\/\/kabra-books.de\/wp-content\/uploads\/2024\/08\/Geln-Bech.jpg\" alt=\"\" class=\"wp-image-638\" srcset=\"https:\/\/kabra-books.de\/wp-content\/uploads\/2024\/08\/Geln-Bech.jpg 674w, https:\/\/kabra-books.de\/wp-content\/uploads\/2024\/08\/Geln-Bech-225x300.jpg 225w\" sizes=\"auto, (max-width: 674px) 100vw, 674px\" \/><\/a><\/figure>\n<\/div>\n\n\n<p class=\"has-text-align-center\">Ein Manifest gewidmet dem Klassenkampf!<\/p>\n\n\n\n<p>Glenn Bech ist Autor und Psychologe. Er stammt aus einem kleinen Ort in J\u00fctland, f\u00fcr den er zu schwul ist, w\u00e4hrend er f\u00fcr Kopenhagen nicht queer genug ist. Er sitzt zwischen allen St\u00fchlen, f\u00fcr seine Familie ist seine Sprache zu akademisch, f\u00fcr seine studierten Freunde zu ordin\u00e4r. Jeder ma\u00dft sich ein Urteil an, sortiert das Gegen\u00fcber in Schubladen und die, die sich nicht sortieren lassen, stehen immer am Rand. F\u00fchlen sich nie richtig dazugeh\u00f6rig. Das Armut bereits ausgrenzt, erf\u00e4hrt Bech bereits in der Schule.<\/p>\n\n\n\n<p>Warum erlauben wir uns, aus unserer Klasse, unserer Gemeinschaft, unserer sexuellen Orientierung heraus, die die anders sind abzuurteilen und warum lassen wir uns be- und verurteilen, weil wir nicht in ein bestimmtes Raster passen? Warum ist jeder sofort beleidigt, wenn man nicht dessen Weltbild teilt?<\/p>\n\n\n\n<p><em>es ist eine Abw\u00e4rtsspirale <br>wenn niemand Kritik vertr\u00e4gt<br>ich glaube das ist der Untergang der Gesellschaft<br>(S 94)<\/em><br><\/p>\n\n\n\n<p>Glenn Bechs Text ist im Gedankenstrom geschrieben und einer meiner ersten <br>Gedanken war, da hat sich einer mal richtig ausgekotzt! Immer \u00f6fter jedoch dachte ich: Da spricht mir einer aus der Seele!<\/p>\n\n\n\n<pre class=\"wp-block-verse\"><strong><a href=\"https:\/\/www.kroener-verlag.de\/books\/ich-erkenne-eure-autorit%C3%A4t-nicht-l%C3%A4nger-an.html\" target=\"_blank\" rel=\"noreferrer noopener\">Ich erkenne eure Autorit\u00e4t nicht l\u00e4nger an<\/a><\/strong><br>Autor: Glenn Bech<br>\u00dcbersetzung aus dem D\u00e4nischen: Andrea Paluch<br>Verlag: Kr\u00f6ner<br>ISBN 978-3-520-62701-8<br>Preis: 25,00 \u20ac<br><br><\/pre>\n","protected":false},"excerpt":{"rendered":"<p>Ein Manifest gewidmet dem Klassenkampf! Glenn Bech ist Autor und Psychologe. Er stammt aus einem kleinen Ort in J\u00fctland, f\u00fcr den er zu schwul ist, w\u00e4hrend er f\u00fcr Kopenhagen nicht queer genug ist. Er sitzt zwischen allen St\u00fchlen, f\u00fcr seine Familie ist seine Sprache zu akademisch, f\u00fcr seine studierten Freunde &hellip;<\/p>\n","protected":false},"author":1,"featured_media":0,"comment_status":"open","ping_status":"open","sticky":false,"template":"","format":"standard","meta":{"footnotes":"","_share_on_mastodon":"0"},"categories":[1],"tags":[],"class_list":["post-652","post","type-post","status-publish","format-standard","hentry","category-uncategorized"],"share_on_mastodon":{"url":"","error":""},"_links":{"self":[{"href":"https:\/\/kabra-books.de\/wp-json\/wp\/v2\/posts\/652","targetHints":{"allow":["GET"]}}],"collection":[{"href":"https:\/\/kabra-books.de\/wp-json\/wp\/v2\/posts"}],"about":[{"href":"https:\/\/kabra-books.de\/wp-json\/wp\/v2\/types\/post"}],"author":[{"embeddable":true,"href":"https:\/\/kabra-books.de\/wp-json\/wp\/v2\/users\/1"}],"replies":[{"embeddable":true,"href":"https:\/\/kabra-books.de\/wp-json\/wp\/v2\/comments?post=652"}],"version-history":[{"count":5,"href":"https:\/\/kabra-books.de\/wp-json\/wp\/v2\/posts\/652\/revisions"}],"predecessor-version":[{"id":657,"href":"https:\/\/kabra-books.de\/wp-json\/wp\/v2\/posts\/652\/revisions\/657"}],"wp:attachment":[{"href":"https:\/\/kabra-books.de\/wp-json\/wp\/v2\/media?parent=652"}],"wp:term":[{"taxonomy":"category","embeddable":true,"href":"https:\/\/kabra-books.de\/wp-json\/wp\/v2\/categories?post=652"},{"taxonomy":"post_tag","embeddable":true,"href":"https:\/\/kabra-books.de\/wp-json\/wp\/v2\/tags?post=652"}],"curies":[{"name":"wp","href":"https:\/\/api.w.org\/{rel}","templated":true}]}}